{"id":100,"date":"2021-10-14T19:35:27","date_gmt":"2021-10-14T17:35:27","guid":{"rendered":"https:\/\/www.yoga-vision.ch\/cms\/?p=100"},"modified":"2024-12-30T13:11:37","modified_gmt":"2024-12-30T11:11:37","slug":"yoga-kurse-oberriet-tiefe-wurzeln-und-wachstum-wie-ein-baum","status":"publish","type":"post","link":"https:\/\/www.yoga-vision.ch\/?p=100","title":{"rendered":"Herzlich Willkommen \u2013 Namast\u00e9"},"content":{"rendered":"<p>Mit Kundalini&nbsp;Yoga wird aus einer Vision Wirklichkeit.<br \/>\nDie Natur ist ein guter Lehrmeister auf unserem Weg.<br \/>\nWir k\u00f6nnen wie ein Baum tiefe Wurzeln schlagen um standfest zu werden, um fest verankert zu sein auf der Erde.<\/p>\n<p>Wir k\u00f6nnen uns gut ern\u00e4hren um einen gesunden, kr\u00e4ftigen K\u00f6rper zu bekommen. So wie ein Baumstamm dank dem, was die Natur ihm an Nahrung gibt, Wind und Wetter trotzt.<\/p>\n<p>Wir k\u00f6nnen unseren Geist n\u00e4hren mit positiven Gedanken, Gef\u00fchlen und versuchen wertungsfrei zu werden, so w\u00e4chst unser Bewusstsein, wie die Baumkrone dem Himmel entgegen strebt.<\/p>\n<p>Was vor uns liegt und was hinter uns liegt sind Kleinigkeiten zu dem, was in uns liegt.<br \/>\nUnd wenn wir das, was in uns liegt, nach au\u00dfen in die Welt tragen, k\u00f6nnen Wunder geschehen!<\/p>\n<p>Yoga ist ein grosses Geschenk f\u00fcr die Menschheit, es erm\u00f6glicht jedem &nbsp;Menschen sein Bewusstsein weiter zu entwickeln.<\/p>\n<p><a href=\"https:\/\/www.yoga-vision.ch\/?page_id=137\">Kursangebote<\/a><\/p>\n","protected":false},"excerpt":{"rendered":"<p>Mit Kundalini&nbsp;Yoga wird aus einer Vision Wirklichkeit. Die Natur ist ein guter Lehrmeister auf unserem Weg. Wir k\u00f6nnen wie ein Baum tiefe Wurzeln schlagen um standfest zu werden, um fest verankert zu sein auf der Erde. Wir k\u00f6nnen uns gut ern\u00e4hren um einen gesunden, kr\u00e4ftigen K\u00f6rper zu bekommen. So wie ein Baumstamm dank dem, was [&hellip;]<\/p>\n","protected":false},"author":2,"featured_media":342,"comment_status":"open","ping_status":"open","sticky":false,"template":"","format":"standard","meta":{"ngg_post_thumbnail":0,"footnotes":""},"categories":[3],"tags":[15,14],"class_list":["post-100","post","type-post","status-publish","format-standard","has-post-thumbnail","hentry","category-neuigkeiten","tag-anita-wuest","tag-yoga-oberriet"],"yoast_head":"<!-- This site is optimized with the Yoast SEO plugin v27.4 - https:\/\/yoast.com\/product\/yoast-seo-wordpress\/ -->\n<title>Yoga Kurse Oberriet | Kundalini Yoga f\u00fcr K\u00f6rper und Geist<\/title>\n<meta name=\"description\" content=\"Yoga in Oberriet: Lerne mit Kundalini Yoga, wie du tiefe Wurzeln schl\u00e4gst und dein Bewusstsein wachsen l\u00e4sst. Starte deine Reise noch heute.\" \/>\n<meta name=\"robots\" content=\"index, follow, max-snippet:-1, max-image-preview:large, max-video-preview:-1\" \/>\n<link rel=\"canonical\" href=\"https:\/\/www.yoga-vision.ch\/?p=100\" \/>\n<meta property=\"og:locale\" content=\"de_DE\" \/>\n<meta property=\"og:type\" content=\"article\" \/>\n<meta property=\"og:title\" content=\"Yoga Kurse Oberriet | Kundalini Yoga f\u00fcr K\u00f6rper und Geist\" \/>\n<meta property=\"og:description\" content=\"Yoga in Oberriet: Lerne mit Kundalini Yoga, wie du tiefe Wurzeln schl\u00e4gst und dein Bewusstsein wachsen l\u00e4sst. Starte deine Reise noch heute.\" \/>\n<meta property=\"og:url\" content=\"https:\/\/www.yoga-vision.ch\/?p=100\" \/>\n<meta property=\"og:site_name\" content=\"Yoga Vision\" \/>\n<meta property=\"article:publisher\" content=\"https:\/\/www.facebook.com\/yogavisionanitawuest\" \/>\n<meta property=\"article:published_time\" content=\"2021-10-14T17:35:27+00:00\" \/>\n<meta property=\"article:modified_time\" content=\"2024-12-30T11:11:37+00:00\" \/>\n<meta property=\"og:image\" content=\"https:\/\/www.yoga-vision.ch\/wp-content\/uploads\/2021\/10\/DSC05691-e1634554986657.jpg\" \/>\n\t<meta property=\"og:image:width\" content=\"952\" \/>\n\t<meta property=\"og:image:height\" content=\"640\" \/>\n\t<meta property=\"og:image:type\" content=\"image\/jpeg\" \/>\n<meta name=\"author\" content=\"Anita W\u00fcst\" \/>\n<meta name=\"twitter:card\" content=\"summary_large_image\" \/>\n<meta name=\"twitter:label1\" content=\"Verfasst von\" \/>\n\t<meta name=\"twitter:data1\" content=\"Anita W\u00fcst\" \/>\n\t<meta name=\"twitter:label2\" content=\"Gesch\u00e4tzte Lesezeit\" \/>\n\t<meta name=\"twitter:data2\" content=\"1\u00a0Minute\" \/>\n<script type=\"application\/ld+json\" class=\"yoast-schema-graph\">{\"@context\":\"https:\\\/\\\/schema.org\",\"@graph\":[{\"@type\":\"Article\",\"@id\":\"https:\\\/\\\/www.yoga-vision.ch\\\/?p=100#article\",\"isPartOf\":{\"@id\":\"https:\\\/\\\/www.yoga-vision.ch\\\/?p=100\"},\"author\":{\"name\":\"Anita W\u00fcst\",\"@id\":\"https:\\\/\\\/www.yoga-vision.ch\\\/#\\\/schema\\\/person\\\/7172567496a9aba7289f3c359f0bd5c2\"},\"headline\":\"Herzlich Willkommen \u2013 Namast\u00e9\",\"datePublished\":\"2021-10-14T17:35:27+00:00\",\"dateModified\":\"2024-12-30T11:11:37+00:00\",\"mainEntityOfPage\":{\"@id\":\"https:\\\/\\\/www.yoga-vision.ch\\\/?p=100\"},\"wordCount\":161,\"commentCount\":0,\"publisher\":{\"@id\":\"https:\\\/\\\/www.yoga-vision.ch\\\/#organization\"},\"image\":{\"@id\":\"https:\\\/\\\/www.yoga-vision.ch\\\/?p=100#primaryimage\"},\"thumbnailUrl\":\"https:\\\/\\\/www.yoga-vision.ch\\\/wp-content\\\/uploads\\\/2021\\\/10\\\/DSC05691-e1634554986657.jpg\",\"keywords\":[\"Anita W\u00fcst\",\"Yoga Oberriet\"],\"articleSection\":[\"Neuigkeiten\"],\"inLanguage\":\"de\",\"potentialAction\":[{\"@type\":\"CommentAction\",\"name\":\"Comment\",\"target\":[\"https:\\\/\\\/www.yoga-vision.ch\\\/?p=100#respond\"]}]},{\"@type\":\"WebPage\",\"@id\":\"https:\\\/\\\/www.yoga-vision.ch\\\/?p=100\",\"url\":\"https:\\\/\\\/www.yoga-vision.ch\\\/?p=100\",\"name\":\"Yoga Kurse Oberriet | Kundalini Yoga f\u00fcr K\u00f6rper und Geist\",\"isPartOf\":{\"@id\":\"https:\\\/\\\/www.yoga-vision.ch\\\/#website\"},\"primaryImageOfPage\":{\"@id\":\"https:\\\/\\\/www.yoga-vision.ch\\\/?p=100#primaryimage\"},\"image\":{\"@id\":\"https:\\\/\\\/www.yoga-vision.ch\\\/?p=100#primaryimage\"},\"thumbnailUrl\":\"https:\\\/\\\/www.yoga-vision.ch\\\/wp-content\\\/uploads\\\/2021\\\/10\\\/DSC05691-e1634554986657.jpg\",\"datePublished\":\"2021-10-14T17:35:27+00:00\",\"dateModified\":\"2024-12-30T11:11:37+00:00\",\"description\":\"Yoga in Oberriet: Lerne mit Kundalini Yoga, wie du tiefe Wurzeln schl\u00e4gst und dein Bewusstsein wachsen l\u00e4sst. Starte deine Reise noch heute.\",\"breadcrumb\":{\"@id\":\"https:\\\/\\\/www.yoga-vision.ch\\\/?p=100#breadcrumb\"},\"inLanguage\":\"de\",\"potentialAction\":[{\"@type\":\"ReadAction\",\"target\":[\"https:\\\/\\\/www.yoga-vision.ch\\\/?p=100\"]}]},{\"@type\":\"ImageObject\",\"inLanguage\":\"de\",\"@id\":\"https:\\\/\\\/www.yoga-vision.ch\\\/?p=100#primaryimage\",\"url\":\"https:\\\/\\\/www.yoga-vision.ch\\\/wp-content\\\/uploads\\\/2021\\\/10\\\/DSC05691-e1634554986657.jpg\",\"contentUrl\":\"https:\\\/\\\/www.yoga-vision.ch\\\/wp-content\\\/uploads\\\/2021\\\/10\\\/DSC05691-e1634554986657.jpg\",\"width\":952,\"height\":640},{\"@type\":\"BreadcrumbList\",\"@id\":\"https:\\\/\\\/www.yoga-vision.ch\\\/?p=100#breadcrumb\",\"itemListElement\":[{\"@type\":\"ListItem\",\"position\":1,\"name\":\"Startseite\",\"item\":\"https:\\\/\\\/www.yoga-vision.ch\\\/\"},{\"@type\":\"ListItem\",\"position\":2,\"name\":\"Herzlich Willkommen \u2013 Namast\u00e9\"}]},{\"@type\":\"WebSite\",\"@id\":\"https:\\\/\\\/www.yoga-vision.ch\\\/#website\",\"url\":\"https:\\\/\\\/www.yoga-vision.ch\\\/\",\"name\":\"Yoga Vision\",\"description\":\"\",\"publisher\":{\"@id\":\"https:\\\/\\\/www.yoga-vision.ch\\\/#organization\"},\"potentialAction\":[{\"@type\":\"SearchAction\",\"target\":{\"@type\":\"EntryPoint\",\"urlTemplate\":\"https:\\\/\\\/www.yoga-vision.ch\\\/?s={search_term_string}\"},\"query-input\":{\"@type\":\"PropertyValueSpecification\",\"valueRequired\":true,\"valueName\":\"search_term_string\"}}],\"inLanguage\":\"de\"},{\"@type\":\"Organization\",\"@id\":\"https:\\\/\\\/www.yoga-vision.ch\\\/#organization\",\"name\":\"Yoga Vision\",\"url\":\"https:\\\/\\\/www.yoga-vision.ch\\\/\",\"logo\":{\"@type\":\"ImageObject\",\"inLanguage\":\"de\",\"@id\":\"https:\\\/\\\/www.yoga-vision.ch\\\/#\\\/schema\\\/logo\\\/image\\\/\",\"url\":\"https:\\\/\\\/www.yoga-vision.ch\\\/wp-content\\\/uploads\\\/2021\\\/10\\\/logo_farbig.png\",\"contentUrl\":\"https:\\\/\\\/www.yoga-vision.ch\\\/wp-content\\\/uploads\\\/2021\\\/10\\\/logo_farbig.png\",\"width\":1276,\"height\":241,\"caption\":\"Yoga Vision\"},\"image\":{\"@id\":\"https:\\\/\\\/www.yoga-vision.ch\\\/#\\\/schema\\\/logo\\\/image\\\/\"},\"sameAs\":[\"https:\\\/\\\/www.facebook.com\\\/yogavisionanitawuest\"]},{\"@type\":\"Person\",\"@id\":\"https:\\\/\\\/www.yoga-vision.ch\\\/#\\\/schema\\\/person\\\/7172567496a9aba7289f3c359f0bd5c2\",\"name\":\"Anita W\u00fcst\",\"image\":{\"@type\":\"ImageObject\",\"inLanguage\":\"de\",\"@id\":\"https:\\\/\\\/secure.gravatar.com\\\/avatar\\\/81c73b15407d6e3527648ea637316c34da6a7bb71be1f0b540926175002f911c?s=96&d=mm&r=g\",\"url\":\"https:\\\/\\\/secure.gravatar.com\\\/avatar\\\/81c73b15407d6e3527648ea637316c34da6a7bb71be1f0b540926175002f911c?s=96&d=mm&r=g\",\"contentUrl\":\"https:\\\/\\\/secure.gravatar.com\\\/avatar\\\/81c73b15407d6e3527648ea637316c34da6a7bb71be1f0b540926175002f911c?s=96&d=mm&r=g\",\"caption\":\"Anita W\u00fcst\"},\"sameAs\":[\"http:\\\/\\\/www.yoga-vision.ch\"],\"url\":\"https:\\\/\\\/www.yoga-vision.ch\\\/?author=2\"}]}<\/script>\n<!-- \/ Yoast SEO plugin. -->","yoast_head_json":{"title":"Yoga Kurse Oberriet | Kundalini Yoga f\u00fcr K\u00f6rper und Geist","description":"Yoga in Oberriet: Lerne mit Kundalini Yoga, wie du tiefe Wurzeln schl\u00e4gst und dein Bewusstsein wachsen l\u00e4sst. Starte deine Reise noch heute.","robots":{"index":"index","follow":"follow","max-snippet":"max-snippet:-1","max-image-preview":"max-image-preview:large","max-video-preview":"max-video-preview:-1"},"canonical":"https:\/\/www.yoga-vision.ch\/?p=100","og_locale":"de_DE","og_type":"article","og_title":"Yoga Kurse Oberriet | Kundalini Yoga f\u00fcr K\u00f6rper und Geist","og_description":"Yoga in Oberriet: Lerne mit Kundalini Yoga, wie du tiefe Wurzeln schl\u00e4gst und dein Bewusstsein wachsen l\u00e4sst. Starte deine Reise noch heute.","og_url":"https:\/\/www.yoga-vision.ch\/?p=100","og_site_name":"Yoga Vision","article_publisher":"https:\/\/www.facebook.com\/yogavisionanitawuest","article_published_time":"2021-10-14T17:35:27+00:00","article_modified_time":"2024-12-30T11:11:37+00:00","og_image":[{"width":952,"height":640,"url":"https:\/\/www.yoga-vision.ch\/wp-content\/uploads\/2021\/10\/DSC05691-e1634554986657.jpg","type":"image\/jpeg"}],"author":"Anita W\u00fcst","twitter_card":"summary_large_image","twitter_misc":{"Verfasst von":"Anita W\u00fcst","Gesch\u00e4tzte Lesezeit":"1\u00a0Minute"},"schema":{"@context":"https:\/\/schema.org","@graph":[{"@type":"Article","@id":"https:\/\/www.yoga-vision.ch\/?p=100#article","isPartOf":{"@id":"https:\/\/www.yoga-vision.ch\/?p=100"},"author":{"name":"Anita W\u00fcst","@id":"https:\/\/www.yoga-vision.ch\/#\/schema\/person\/7172567496a9aba7289f3c359f0bd5c2"},"headline":"Herzlich Willkommen \u2013 Namast\u00e9","datePublished":"2021-10-14T17:35:27+00:00","dateModified":"2024-12-30T11:11:37+00:00","mainEntityOfPage":{"@id":"https:\/\/www.yoga-vision.ch\/?p=100"},"wordCount":161,"commentCount":0,"publisher":{"@id":"https:\/\/www.yoga-vision.ch\/#organization"},"image":{"@id":"https:\/\/www.yoga-vision.ch\/?p=100#primaryimage"},"thumbnailUrl":"https:\/\/www.yoga-vision.ch\/wp-content\/uploads\/2021\/10\/DSC05691-e1634554986657.jpg","keywords":["Anita W\u00fcst","Yoga Oberriet"],"articleSection":["Neuigkeiten"],"inLanguage":"de","potentialAction":[{"@type":"CommentAction","name":"Comment","target":["https:\/\/www.yoga-vision.ch\/?p=100#respond"]}]},{"@type":"WebPage","@id":"https:\/\/www.yoga-vision.ch\/?p=100","url":"https:\/\/www.yoga-vision.ch\/?p=100","name":"Yoga Kurse Oberriet | Kundalini Yoga f\u00fcr K\u00f6rper und Geist","isPartOf":{"@id":"https:\/\/www.yoga-vision.ch\/#website"},"primaryImageOfPage":{"@id":"https:\/\/www.yoga-vision.ch\/?p=100#primaryimage"},"image":{"@id":"https:\/\/www.yoga-vision.ch\/?p=100#primaryimage"},"thumbnailUrl":"https:\/\/www.yoga-vision.ch\/wp-content\/uploads\/2021\/10\/DSC05691-e1634554986657.jpg","datePublished":"2021-10-14T17:35:27+00:00","dateModified":"2024-12-30T11:11:37+00:00","description":"Yoga in Oberriet: Lerne mit Kundalini Yoga, wie du tiefe Wurzeln schl\u00e4gst und dein Bewusstsein wachsen l\u00e4sst. Starte deine Reise noch heute.","breadcrumb":{"@id":"https:\/\/www.yoga-vision.ch\/?p=100#breadcrumb"},"inLanguage":"de","potentialAction":[{"@type":"ReadAction","target":["https:\/\/www.yoga-vision.ch\/?p=100"]}]},{"@type":"ImageObject","inLanguage":"de","@id":"https:\/\/www.yoga-vision.ch\/?p=100#primaryimage","url":"https:\/\/www.yoga-vision.ch\/wp-content\/uploads\/2021\/10\/DSC05691-e1634554986657.jpg","contentUrl":"https:\/\/www.yoga-vision.ch\/wp-content\/uploads\/2021\/10\/DSC05691-e1634554986657.jpg","width":952,"height":640},{"@type":"BreadcrumbList","@id":"https:\/\/www.yoga-vision.ch\/?p=100#breadcrumb","itemListElement":[{"@type":"ListItem","position":1,"name":"Startseite","item":"https:\/\/www.yoga-vision.ch\/"},{"@type":"ListItem","position":2,"name":"Herzlich Willkommen \u2013 Namast\u00e9"}]},{"@type":"WebSite","@id":"https:\/\/www.yoga-vision.ch\/#website","url":"https:\/\/www.yoga-vision.ch\/","name":"Yoga Vision","description":"","publisher":{"@id":"https:\/\/www.yoga-vision.ch\/#organization"},"potentialAction":[{"@type":"SearchAction","target":{"@type":"EntryPoint","urlTemplate":"https:\/\/www.yoga-vision.ch\/?s={search_term_string}"},"query-input":{"@type":"PropertyValueSpecification","valueRequired":true,"valueName":"search_term_string"}}],"inLanguage":"de"},{"@type":"Organization","@id":"https:\/\/www.yoga-vision.ch\/#organization","name":"Yoga Vision","url":"https:\/\/www.yoga-vision.ch\/","logo":{"@type":"ImageObject","inLanguage":"de","@id":"https:\/\/www.yoga-vision.ch\/#\/schema\/logo\/image\/","url":"https:\/\/www.yoga-vision.ch\/wp-content\/uploads\/2021\/10\/logo_farbig.png","contentUrl":"https:\/\/www.yoga-vision.ch\/wp-content\/uploads\/2021\/10\/logo_farbig.png","width":1276,"height":241,"caption":"Yoga Vision"},"image":{"@id":"https:\/\/www.yoga-vision.ch\/#\/schema\/logo\/image\/"},"sameAs":["https:\/\/www.facebook.com\/yogavisionanitawuest"]},{"@type":"Person","@id":"https:\/\/www.yoga-vision.ch\/#\/schema\/person\/7172567496a9aba7289f3c359f0bd5c2","name":"Anita W\u00fcst","image":{"@type":"ImageObject","inLanguage":"de","@id":"https:\/\/secure.gravatar.com\/avatar\/81c73b15407d6e3527648ea637316c34da6a7bb71be1f0b540926175002f911c?s=96&d=mm&r=g","url":"https:\/\/secure.gravatar.com\/avatar\/81c73b15407d6e3527648ea637316c34da6a7bb71be1f0b540926175002f911c?s=96&d=mm&r=g","contentUrl":"https:\/\/secure.gravatar.com\/avatar\/81c73b15407d6e3527648ea637316c34da6a7bb71be1f0b540926175002f911c?s=96&d=mm&r=g","caption":"Anita W\u00fcst"},"sameAs":["http:\/\/www.yoga-vision.ch"],"url":"https:\/\/www.yoga-vision.ch\/?author=2"}]}},"_links":{"self":[{"href":"https:\/\/www.yoga-vision.ch\/index.php?rest_route=\/wp\/v2\/posts\/100","targetHints":{"allow":["GET"]}}],"collection":[{"href":"https:\/\/www.yoga-vision.ch\/index.php?rest_route=\/wp\/v2\/posts"}],"about":[{"href":"https:\/\/www.yoga-vision.ch\/index.php?rest_route=\/wp\/v2\/types\/post"}],"author":[{"embeddable":true,"href":"https:\/\/www.yoga-vision.ch\/index.php?rest_route=\/wp\/v2\/users\/2"}],"replies":[{"embeddable":true,"href":"https:\/\/www.yoga-vision.ch\/index.php?rest_route=%2Fwp%2Fv2%2Fcomments&post=100"}],"version-history":[{"count":4,"href":"https:\/\/www.yoga-vision.ch\/index.php?rest_route=\/wp\/v2\/posts\/100\/revisions"}],"predecessor-version":[{"id":566,"href":"https:\/\/www.yoga-vision.ch\/index.php?rest_route=\/wp\/v2\/posts\/100\/revisions\/566"}],"wp:featuredmedia":[{"embeddable":true,"href":"https:\/\/www.yoga-vision.ch\/index.php?rest_route=\/wp\/v2\/media\/342"}],"wp:attachment":[{"href":"https:\/\/www.yoga-vision.ch\/index.php?rest_route=%2Fwp%2Fv2%2Fmedia&parent=100"}],"wp:term":[{"taxonomy":"category","embeddable":true,"href":"https:\/\/www.yoga-vision.ch\/index.php?rest_route=%2Fwp%2Fv2%2Fcategories&post=100"},{"taxonomy":"post_tag","embeddable":true,"href":"https:\/\/www.yoga-vision.ch\/index.php?rest_route=%2Fwp%2Fv2%2Ftags&post=100"}],"curies":[{"name":"wp","href":"https:\/\/api.w.org\/{rel}","templated":true}]}}